{"id":1111,"date":"2020-09-04T02:00:20","date_gmt":"2020-09-04T02:00:20","guid":{"rendered":"https:\/\/www.wactipsom.org\/?p=1111"},"modified":"2020-09-04T02:06:17","modified_gmt":"2020-09-04T02:06:17","slug":"a-tipsom-celebrating-the-world-day-against-trafficking-in-persons","status":"publish","type":"post","link":"https:\/\/www.wactipsom.org\/fr\/a-tipsom-celebrating-the-world-day-against-trafficking-in-persons\/","title":{"rendered":"A-TIPSOM c\u00e9l\u00e8bre la Journ\u00e9e mondiale contre la traite des personnes."},"content":{"rendered":"<p>L&#39;\u00e9quipe A-TIPSOM, Action contre la traite des personnes et le trafic illicite de migrants au Nig\u00e9ria, a assist\u00e9 le 30 juillet \u00e0 une conf\u00e9rence tenue \u00e0 Abuja en raison de la c\u00e9l\u00e9bration de la Journ\u00e9e mondiale contre la traite des personnes.<\/p>\n<p>L&#39;\u00e9v\u00e9nement a \u00e9t\u00e9 programm\u00e9 par la NAPTIP (Agence nationale pour l&#39;interdiction de la traite des personnes) qui est un b\u00e9n\u00e9ficiaire du projet financ\u00e9 par l&#39;UE et mis en \u0153uvre par la FIIAPP. Il a compt\u00e9 avec la participation d&#39;organisations civiles et gouvernementales et de diff\u00e9rentes personnalit\u00e9s et collaborateurs, tels que l&#39;Ambassadeur d&#39;Espagne au Nig\u00e9ria, M. Marcelino Cabanas Ansorena, accompagn\u00e9 de l&#39;attach\u00e9 du Minist\u00e8re de l&#39;Int\u00e9rieur, M. Lorenzo Fages Cortes, qui a montr\u00e9 son soutien au projet.<\/p>\n<p><img decoding=\"async\" loading=\"lazy\" class=\"size-full wp-image-1115 aligncenter\" src=\"https:\/\/www.wactipsom.org\/wp-content\/uploads\/2020\/09\/Noticia-2_-1024x768-1.jpeg\" alt=\"\" width=\"1024\" height=\"768\" srcset=\"https:\/\/www.wactipsom.org\/wp-content\/uploads\/2020\/09\/Noticia-2_-1024x768-1.jpeg 1024w, https:\/\/www.wactipsom.org\/wp-content\/uploads\/2020\/09\/Noticia-2_-1024x768-1-300x225.jpeg 300w, https:\/\/www.wactipsom.org\/wp-content\/uploads\/2020\/09\/Noticia-2_-1024x768-1-768x576.jpeg 768w, https:\/\/www.wactipsom.org\/wp-content\/uploads\/2020\/09\/Noticia-2_-1024x768-1-624x468.jpeg 624w\" sizes=\"(max-width: 1024px) 100vw, 1024px\" \/><\/p>\n<p>L&#39;\u00e9quipe A-TIPSOM a particip\u00e9 activement \u00e0 diff\u00e9rents \u00e9v\u00e9nements organis\u00e9s au cours de cette semaine, notamment un match de football dans le but de sensibiliser les jeunes aux dangers de la traite des \u00eatres humains et les mafias qui se livrent \u00e0 la traite et \u00e0 la vente de personnes.<\/p>\n<p>L&#39;\u00e9v\u00e9nement a \u00e9t\u00e9 rejoint par une large repr\u00e9sentation de membres de la communaut\u00e9 espagnole au Nig\u00e9ria, ainsi que de membres d&#39;autres ambassades, accompagn\u00e9s entre autres de M. Gonzalo Sanz, adjoint de l&#39;ambassade d&#39;Espagne au Nig\u00e9ria.<\/p>","protected":false},"excerpt":{"rendered":"<p>L&#39;\u00e9quipe A-TIPSOM, Action contre la traite des personnes et le trafic illicite de migrants au Nig\u00e9ria, a assist\u00e9 le 30 juillet \u00e0 une conf\u00e9rence tenue \u00e0 Abuja en raison de\u2026<\/p>","protected":false},"author":1,"featured_media":1112,"comment_status":"open","ping_status":"open","sticky":false,"template":"","format":"standard","meta":{"footnotes":""},"categories":[43],"tags":[],"_links":{"self":[{"href":"https:\/\/www.wactipsom.org\/fr\/wp-json\/wp\/v2\/posts\/1111"}],"collection":[{"href":"https:\/\/www.wactipsom.org\/fr\/wp-json\/wp\/v2\/posts"}],"about":[{"href":"https:\/\/www.wactipsom.org\/fr\/wp-json\/wp\/v2\/types\/post"}],"author":[{"embeddable":true,"href":"https:\/\/www.wactipsom.org\/fr\/wp-json\/wp\/v2\/users\/1"}],"replies":[{"embeddable":true,"href":"https:\/\/www.wactipsom.org\/fr\/wp-json\/wp\/v2\/comments?post=1111"}],"version-history":[{"count":4,"href":"https:\/\/www.wactipsom.org\/fr\/wp-json\/wp\/v2\/posts\/1111\/revisions"}],"predecessor-version":[{"id":1117,"href":"https:\/\/www.wactipsom.org\/fr\/wp-json\/wp\/v2\/posts\/1111\/revisions\/1117"}],"wp:featuredmedia":[{"embeddable":true,"href":"https:\/\/www.wactipsom.org\/fr\/wp-json\/wp\/v2\/media\/1112"}],"wp:attachment":[{"href":"https:\/\/www.wactipsom.org\/fr\/wp-json\/wp\/v2\/media?parent=1111"}],"wp:term":[{"taxonomy":"category","embeddable":true,"href":"https:\/\/www.wactipsom.org\/fr\/wp-json\/wp\/v2\/categories?post=1111"},{"taxonomy":"post_tag","embeddable":true,"href":"https:\/\/www.wactipsom.org\/fr\/wp-json\/wp\/v2\/tags?post=1111"}],"curies":[{"name":"wp","href":"https:\/\/api.w.org\/{rel}","templated":true}]}}