{"id":2044,"date":"2020-10-14T12:08:20","date_gmt":"2020-10-14T12:08:20","guid":{"rendered":"https:\/\/www.wactipsom.org\/?p=2044"},"modified":"2020-10-14T12:08:20","modified_gmt":"2020-10-14T12:08:20","slug":"fiiapp-with-funds-from-eu-donated-generators-to-naptip-and-nactal-shelters","status":"publish","type":"post","link":"https:\/\/www.wactipsom.org\/fr\/fiiapp-with-funds-from-eu-donated-generators-to-naptip-and-nactal-shelters\/","title":{"rendered":"FIIAPP avec des fonds des g\u00e9n\u00e9rateurs donn\u00e9s par l&#39;UE aux abris NAPTIP et NACTAL"},"content":{"rendered":"<p>La FIIAPP, une fondation du secteur public espagnol, a soutenu le mardi 6 octobre 2020 \u00e0 Abuja au Nigeria, l&#39;Agence nationale pour l&#39;interdiction de la traite des personnes (NAPTIP) avec six groupes \u00e9lectrog\u00e8nes et NACTAL avec sept pour am\u00e9liorer la qualit\u00e9 de vie des victimes de la traite.<\/p>\n<p>Cela fait partie des activit\u00e9s de l&#39;A-TIPSOM sur la modernisation et la r\u00e9novation de certains abris afin d&#39;am\u00e9liorer la qualit\u00e9 de l&#39;aide \u00e0 la protection des victimes, gr\u00e2ce \u00e0 la fourniture d&#39;\u00e9quipements et de services complets et adapt\u00e9s aux besoins.<\/p>\n<p><img decoding=\"async\" loading=\"lazy\" class=\"alignnone size-full wp-image-2046\" src=\"https:\/\/www.wactipsom.org\/wp-content\/uploads\/2020\/10\/generators.jpg\" alt=\"\" width=\"960\" height=\"720\" srcset=\"https:\/\/www.wactipsom.org\/wp-content\/uploads\/2020\/10\/generators.jpg 960w, https:\/\/www.wactipsom.org\/wp-content\/uploads\/2020\/10\/generators-300x225.jpg 300w, https:\/\/www.wactipsom.org\/wp-content\/uploads\/2020\/10\/generators-768x576.jpg 768w, https:\/\/www.wactipsom.org\/wp-content\/uploads\/2020\/10\/generators-624x468.jpg 624w\" sizes=\"(max-width: 960px) 100vw, 960px\" \/><\/p>\n<p><a href=\"https:\/\/nnn.ng\/tag\/FIIAPP\/\">FIIAPP<\/a>, la Fondation internationale ib\u00e9ro-am\u00e9ricaine pour l&#39;administration et les politiques publiques, met en \u0153uvre l&#39;Action contre la traite des personnes et le trafic illicite de migrants au Nig\u00e9ria (A-<a href=\"https:\/\/nnn.ng\/tag\/TIPSOM\/\">TIPSOM<\/a>) avec des fonds de l&#39;Union europ\u00e9enne.<\/p>\n<p>M. Rafael Rios, chef d&#39;\u00e9quipe du projet qui \u00e9tait repr\u00e9sent\u00e9 par\u00a0<a href=\"https:\/\/nnn.ng\/tag\/FIIAPP\/\">FIIAPP<\/a>\u00a0Le coordinateur institutionnel, M. Jose-Nsang Andeme, a d\u00e9clar\u00e9 que les groupes \u00e9lectrog\u00e8nes devaient aider\u00a0<a href=\"https:\/\/nnn.ng\/tag\/NAPTIP\/\">NAPTIP<\/a>\u00a0d&#39;am\u00e9liorer ses performances dans la lutte contre la traite des personnes \u00e0 travers le pays.<\/p>\n<p>Il a ajout\u00e9 que \u00abpar nous-m\u00eames, nous avons estim\u00e9 que les g\u00e9n\u00e9rateurs aideraient \u00e0 am\u00e9liorer\u00a0<a href=\"https:\/\/nnn.ng\/tag\/NAPTIP\/\">NAPTIP<\/a>\u00a0activit\u00e9s, cela r\u00e9pond aux principales demandes formul\u00e9es lors de notre visite dans les refuges des victimes de la traite pour rendre l&#39;environnement confortable.<\/p>\n<p>Mme Nurat Lawal, charg\u00e9e de projet de\u00a0<a href=\"https:\/\/nnn.ng\/tag\/FIIAPP\/\">FIIAPP<\/a>, a d\u00e9clar\u00e9 que la FIIAPP a \u00e9galement fait don de sept autres ensembles de g\u00e9n\u00e9rateurs \u00e9lectriques au R\u00e9seau des organisations de la soci\u00e9t\u00e9 civile contre la traite, les abus et le travail des enfants (<a href=\"https:\/\/nnn.ng\/tag\/NACTAL\/\">NACTAL<\/a>) pour soutenir la lutte contre la traite des \u00eatres humains.<\/p>\n<p>Selon Lawal, dans le cadre des efforts visant \u00e0 renforcer les services aux personnes victimes de la traite, 6 abris appartenant \u00e0\u00a0<a href=\"https:\/\/nnn.ng\/tag\/NAPTIP\/\">NAPTIP<\/a>\u00a0et\u00a0<a href=\"https:\/\/nnn.ng\/tag\/NACTAL\/\">NACTAL<\/a>\u00a0ont \u00e9t\u00e9 r\u00e9nov\u00e9s avec des \u00e9quipements et 15 autres abris vont \u00eatre r\u00e9nov\u00e9s cette ann\u00e9e.<\/p>\n<p>\u00abLa r\u00e9novation des abris est vitale car elle contribuera grandement \u00e0 rendre les victimes de la traite et les autres rapatri\u00e9s vuln\u00e9rables heureux et plus coop\u00e9ratifs avec le niveau de vie dans l&#39;abri\u00bb, a d\u00e9clar\u00e9 Lawal.<\/p>\n<p><a href=\"https:\/\/nnn.ng\/tag\/NAPTIP\/\">NAPTIP<\/a>\u00a0La directrice g\u00e9n\u00e9rale, Julie Okah-Donli, a remerci\u00e9 les donateurs d&#39;avoir soutenu les activit\u00e9s de l&#39;agence, ajoutant que les ensembles de puissance seraient mis \u00e0 profit.<\/p>\n<p>Elle a cependant appel\u00e9 d&#39;autres agences \u00e0 imiter\u00a0<a href=\"https:\/\/nnn.ng\/tag\/FIIAPP\/\">FIIAPP<\/a>, en disant si d&#39;autres agences pouvaient parler de cette partie,\u00a0<a href=\"https:\/\/nnn.ng\/tag\/NAPTIP\/\">NAPTIP<\/a>\u00a0ne trouverait pas difficile de s\u2019occuper des victimes de la traite.<\/p>","protected":false},"excerpt":{"rendered":"<p>La FIIAPP, une fondation du secteur public espagnol, a soutenu mardi 6 octobre 2020 \u00e0 Abuja au Nigeria, l&#39;Agence nationale pour l&#39;interdiction de la traite des personnes\u2026<\/p>","protected":false},"author":1,"featured_media":2045,"comment_status":"open","ping_status":"open","sticky":false,"template":"","format":"standard","meta":{"footnotes":""},"categories":[43],"tags":[],"_links":{"self":[{"href":"https:\/\/www.wactipsom.org\/fr\/wp-json\/wp\/v2\/posts\/2044"}],"collection":[{"href":"https:\/\/www.wactipsom.org\/fr\/wp-json\/wp\/v2\/posts"}],"about":[{"href":"https:\/\/www.wactipsom.org\/fr\/wp-json\/wp\/v2\/types\/post"}],"author":[{"embeddable":true,"href":"https:\/\/www.wactipsom.org\/fr\/wp-json\/wp\/v2\/users\/1"}],"replies":[{"embeddable":true,"href":"https:\/\/www.wactipsom.org\/fr\/wp-json\/wp\/v2\/comments?post=2044"}],"version-history":[{"count":1,"href":"https:\/\/www.wactipsom.org\/fr\/wp-json\/wp\/v2\/posts\/2044\/revisions"}],"predecessor-version":[{"id":2047,"href":"https:\/\/www.wactipsom.org\/fr\/wp-json\/wp\/v2\/posts\/2044\/revisions\/2047"}],"wp:featuredmedia":[{"embeddable":true,"href":"https:\/\/www.wactipsom.org\/fr\/wp-json\/wp\/v2\/media\/2045"}],"wp:attachment":[{"href":"https:\/\/www.wactipsom.org\/fr\/wp-json\/wp\/v2\/media?parent=2044"}],"wp:term":[{"taxonomy":"category","embeddable":true,"href":"https:\/\/www.wactipsom.org\/fr\/wp-json\/wp\/v2\/categories?post=2044"},{"taxonomy":"post_tag","embeddable":true,"href":"https:\/\/www.wactipsom.org\/fr\/wp-json\/wp\/v2\/tags?post=2044"}],"curies":[{"name":"wp","href":"https:\/\/api.w.org\/{rel}","templated":true}]}}