{"id":2048,"date":"2020-10-14T12:14:17","date_gmt":"2020-10-14T12:14:17","guid":{"rendered":"https:\/\/www.wactipsom.org\/?p=2048"},"modified":"2020-10-14T12:14:17","modified_gmt":"2020-10-14T12:14:17","slug":"statement-by-national-president-nactal-on-the-world-day-against-trafficking-in-persons-2020","status":"publish","type":"post","link":"https:\/\/www.wactipsom.org\/fr\/statement-by-national-president-nactal-on-the-world-day-against-trafficking-in-persons-2020\/","title":{"rendered":"D\u00e9claration du pr\u00e9sident national NACTAL, \u00e0 l&#39;occasion de la Journ\u00e9e mondiale contre la traite des personnes, 2020"},"content":{"rendered":"<p>Aujourd&#39;hui, nous sommes le 30 juillet 2020 et les Nations Unies ont r\u00e9serv\u00e9 le 30 juillet de chaque ann\u00e9e comme Journ\u00e9e internationale contre la traite des \u00eatres humains. Ceci est fait pour sensibiliser le public au sort des victimes de la traite des \u00eatres humains et promouvoir et prot\u00e9ger leurs droits.<\/p>\n<p>La traite des \u00eatres humains est tout commerce illicite d&#39;\u00eatres humains dans le but de faire du profit pour les trafiquants. Les exemples incluent le travail forc\u00e9, l&#39;esclavage sexuel, l&#39;exploitation sexuelle commerciale, les mariages forc\u00e9s, les enfants soldats, les pr\u00e9l\u00e8vements de tissus ou d&#39;organes, etc.<\/p>\n<p><iframe loading=\"lazy\" title=\"Message NACTAL \u00e0 l&#039;occasion de la Journ\u00e9e mondiale contre la traite des personnes 2020\" width=\"640\" height=\"480\" src=\"https:\/\/www.youtube.com\/embed\/EUr44YB07ks?feature=oembed\" frameborder=\"0\" allow=\"accelerometer; autoplay; clipboard-write; encrypted-media; gyroscope; picture-in-picture\" allowfullscreen><\/iframe><\/p>\n<p>&nbsp;<\/p>\n<p>\u00c0 l&#39;\u00e9poque de la traite transatlantique des esclaves, entre 1776 et 1865, environ 15 \u00e0 20 millions d&#39;esclaves ont \u00e9t\u00e9 transport\u00e9s \u00e0 travers l&#39;oc\u00e9an Atlantique depuis l&#39;Afrique et achet\u00e9s \u00e0 des commer\u00e7ants d&#39;esclaves dans toute l&#39;Europe, dans les colonies europ\u00e9ennes et dans d&#39;autres parties du monde.<\/p>\n<p>Il est regrettable que l\u2019histoire se r\u00e9p\u00e8te, car les citoyens d\u2019aujourd\u2019hui, en particulier les femmes, les enfants et les personnes handicap\u00e9es, sont victimes de la traite tant \u00e0 l\u2019int\u00e9rieur de nos fronti\u00e8res qu\u2019\u00e0 l\u2019ext\u00e9rieur du monde entier. Les trafiquants d&#39;\u00eatres humains adoptent diverses strat\u00e9gies pour obtenir leurs victimes. Ces strat\u00e9gies comprennent la simulation, les publications sur les r\u00e9seaux sociaux, les offres d&#39;emploi, les menaces ou les enl\u00e8vements.<\/p>\n<p>Le Covid-19 a ajout\u00e9 une autre dimension au d\u00e9fi de la traite des \u00eatres humains non seulement au Nig\u00e9ria mais partout dans le monde. R\u00e9cemment, le cas d&#39;une femme nig\u00e9riane qui \u00e9tait annonc\u00e9e par son \u00abpropri\u00e9taire\u00bb dans un pays lointain au Liban a \u00e9t\u00e9 inond\u00e9 dans les m\u00e9dias. Dans certains cas, les gens sont vendus pour aussi peu que 20 000 nairas NGN.<\/p>\n<p>Il est maintenant imp\u00e9ratif que cette ann\u00e9e 2020 et avec le th\u00e8me de la prise en charge des travailleurs de premi\u00e8re ligne contre la traite des \u00eatres humains, les Nig\u00e9rians doivent se lever et prendre une d\u00e9cision collective pour mettre fin \u00e0 la menace de la traite des \u00eatres humains dans notre pays.<br \/>\nNous devons \u00e9galement r\u00e9fl\u00e9chir et \u00e9valuer nous-m\u00eames dans quelle mesure nous menons la guerre contre l&#39;esclavage moderne et consid\u00e9rer les efforts et r\u00e9fl\u00e9chir \u00e0 la s\u00e9curit\u00e9 des agents de premi\u00e8re ligne face au Covid-19.<\/p>\n<p>Les agents de premi\u00e8re ligne comprennent les agents charg\u00e9s de l&#39;application de la loi tels que NAPTIP, NIS, NSCDC, la police nig\u00e9riane, etc. Aussi les acteurs de la soci\u00e9t\u00e9 civile, les travailleurs sociaux dans lesquels les membres de NACTAL sont pro\u00e9minents directement de la communaut\u00e9 o\u00f9 les victimes sont originaires des points de transit tels que les fronti\u00e8res , \u00e0 destination dans d&#39;autres \u00c9tats ou pays et m\u00eame au point de rapatriement et de r\u00e9int\u00e9gration.<br \/>\nCette ann\u00e9e, le langage est d\u00e9sormais \u00abrestez en s\u00e9curit\u00e9\u00bb, c&#39;est pourquoi nous devons veiller \u00e0 prot\u00e9ger les personnes qui travaillent en premi\u00e8re ligne pour sauver et r\u00e9habiliter les victimes de la traite des \u00eatres humains.<\/p>\n<p>C&#39;est pourquoi nous appelons les acteurs \u00e9tatiques et non \u00e9tatiques \u00e0 accro\u00eetre leurs efforts dans la bataille.<\/p>\n<p>Que le gouvernement f\u00e9d\u00e9ral consacre plus de volont\u00e9 politique et de financement \u00e0 cette lutte et ne d\u00e9pende pas du soutien \u00e9tranger la plupart du temps.<\/p>\n<p>Que les gouvernements des \u00c9tats du Nig\u00e9ria soutiennent \u00e9galement cette guerre dans leurs \u00c9tats respectifs en fournissant la volont\u00e9 politique et les ressources n\u00e9cessaires.<\/p>\n<p>Laissons les \u00c9tats examiner la mise en \u0153uvre compl\u00e8te des lois sur les droits de l&#39;enfant, de la CEDAW, du VAP et d&#39;autres documents de politique tout en \u00e9tablissant et en finan\u00e7ant les groupes de travail sur la traite des personnes.<\/p>\n<p>Que ceux qui promeuvent des emplois ill\u00e9gaux et faux \u00e0 l&#39;ext\u00e9rieur du pays soient examin\u00e9s et v\u00e9rifi\u00e9s. Il s&#39;agit de la derni\u00e8re tendance \u00e0 asservir notre peuple.<\/p>\n<p>Que les institutions m\u00e9diatiques cessent de recevoir des annonces de toutes les soci\u00e9t\u00e9s de placement sans mener d\u2019enqu\u00eates d\u00e9taill\u00e9es.<\/p>\n<p>Laissons les chefs de communaut\u00e9 suivre l&#39;action d&#39;Oba du B\u00e9nin en invoquant les dieux contre les trafiquants.<\/p>\n<p>Laissez les forces de l&#39;ordre former et retenir le personnel au rythme de la traite des \u00eatres humains plut\u00f4t que de l&#39;affecter \u00e0 d&#39;autres t\u00e2ches bri\u00e8vement apr\u00e8s avoir \u00e9t\u00e9 form\u00e9.<\/p>\n<p>Laisser les institutions religieuses s&#39;occuper des troupeaux en priorit\u00e9 en fournissant les bonnes informations et en soutenant la cr\u00e9ation d&#39;emplois pour les jeunes adultes.<\/p>\n<p>Laisser les partenaires internationaux tels que les agences des Nations Unies, le gouvernement d&#39;autres nations, les ambassades, les ONG internationales et autres travailler davantage pour r\u00e9duire la demande d&#39;esclaves sexuels et de travail dans leurs pays. Accordons aux migrants des pays en d\u00e9veloppement les m\u00eames droits et respectons l&#39;accord aux migrants des pays d\u00e9velopp\u00e9s.<\/p>\n<p>Lorsque nous faisons cela, nous prot\u00e9geons les victimes de la traite des \u00eatres humains et elles auront confiance pour nommer et faire honte \u00e0 leurs trafiquants, nous garderons les Front liners plus s\u00fbrs et gagnerons la guerre contre les trafiquants.<\/p>\n<p>Alors que nous comm\u00e9morons cette ann\u00e9e la Journ\u00e9e internationale contre la traite des \u00eatres humains, NACTAL, avec plus de 150 organisations enregistr\u00e9es, est sur le point de continuer \u00e0 travailler au niveau communautaire, national et international. Nous continuerons de travailler avec d\u2019autres partenaires pour nous assurer que la bataille est gagn\u00e9e et que des vies sont en s\u00e9curit\u00e9.<br \/>\nMerci<\/p>","protected":false},"excerpt":{"rendered":"<p>Aujourd&#39;hui, nous sommes le 30 juillet 2020 et les Nations Unies ont r\u00e9serv\u00e9 le 30 juillet de chaque ann\u00e9e comme Journ\u00e9e internationale contre la traite des \u00eatres humains. C&#39;est\u2026<\/p>","protected":false},"author":1,"featured_media":2049,"comment_status":"open","ping_status":"open","sticky":false,"template":"","format":"standard","meta":{"footnotes":""},"categories":[59],"tags":[],"_links":{"self":[{"href":"https:\/\/www.wactipsom.org\/fr\/wp-json\/wp\/v2\/posts\/2048"}],"collection":[{"href":"https:\/\/www.wactipsom.org\/fr\/wp-json\/wp\/v2\/posts"}],"about":[{"href":"https:\/\/www.wactipsom.org\/fr\/wp-json\/wp\/v2\/types\/post"}],"author":[{"embeddable":true,"href":"https:\/\/www.wactipsom.org\/fr\/wp-json\/wp\/v2\/users\/1"}],"replies":[{"embeddable":true,"href":"https:\/\/www.wactipsom.org\/fr\/wp-json\/wp\/v2\/comments?post=2048"}],"version-history":[{"count":1,"href":"https:\/\/www.wactipsom.org\/fr\/wp-json\/wp\/v2\/posts\/2048\/revisions"}],"predecessor-version":[{"id":2050,"href":"https:\/\/www.wactipsom.org\/fr\/wp-json\/wp\/v2\/posts\/2048\/revisions\/2050"}],"wp:featuredmedia":[{"embeddable":true,"href":"https:\/\/www.wactipsom.org\/fr\/wp-json\/wp\/v2\/media\/2049"}],"wp:attachment":[{"href":"https:\/\/www.wactipsom.org\/fr\/wp-json\/wp\/v2\/media?parent=2048"}],"wp:term":[{"taxonomy":"category","embeddable":true,"href":"https:\/\/www.wactipsom.org\/fr\/wp-json\/wp\/v2\/categories?post=2048"},{"taxonomy":"post_tag","embeddable":true,"href":"https:\/\/www.wactipsom.org\/fr\/wp-json\/wp\/v2\/tags?post=2048"}],"curies":[{"name":"wp","href":"https:\/\/api.w.org\/{rel}","templated":true}]}}