{"id":1111,"date":"2020-09-04T02:00:20","date_gmt":"2020-09-04T02:00:20","guid":{"rendered":"https:\/\/www.wactipsom.org\/?p=1111"},"modified":"2020-09-04T02:06:17","modified_gmt":"2020-09-04T02:06:17","slug":"a-tipsom-celebrating-the-world-day-against-trafficking-in-persons","status":"publish","type":"post","link":"https:\/\/www.wactipsom.org\/pt\/a-tipsom-celebrating-the-world-day-against-trafficking-in-persons\/","title":{"rendered":"A-TIPSOM celebrando o Dia Mundial contra o Tr\u00e1fico de Pessoas."},"content":{"rendered":"<p>A equipe da A-TIPSOM, A\u00e7\u00e3o contra o tr\u00e1fico de pessoas e contrabando de migrantes na Nig\u00e9ria, participou em 30 de julho de uma confer\u00eancia realizada em Abuja devido \u00e0 celebra\u00e7\u00e3o do Dia Mundial contra o tr\u00e1fico de pessoas.<\/p>\n<p>O evento foi programado pela NAPTIP (Ag\u00eancia Nacional para a Proibi\u00e7\u00e3o do Tr\u00e1fico de Pessoas), benefici\u00e1ria do projeto financiado pela UE e implementado pela FIIAPP. Contou com a participa\u00e7\u00e3o de organiza\u00e7\u00f5es civis e governamentais e diversas personalidades e colaboradores, como o Embaixador da Espanha na Nig\u00e9ria, Sr. Marcelino Cabanas Ansorena, acompanhado do adido do Minist\u00e9rio do Interior, Sr. Lorenzo Fages Cortes, que se manifestou seu apoio ao projeto.<\/p>\n<p><img decoding=\"async\" loading=\"lazy\" class=\"size-full wp-image-1115 aligncenter\" src=\"https:\/\/www.wactipsom.org\/wp-content\/uploads\/2020\/09\/Noticia-2_-1024x768-1.jpeg\" alt=\"\" width=\"1024\" height=\"768\" srcset=\"https:\/\/www.wactipsom.org\/wp-content\/uploads\/2020\/09\/Noticia-2_-1024x768-1.jpeg 1024w, https:\/\/www.wactipsom.org\/wp-content\/uploads\/2020\/09\/Noticia-2_-1024x768-1-300x225.jpeg 300w, https:\/\/www.wactipsom.org\/wp-content\/uploads\/2020\/09\/Noticia-2_-1024x768-1-768x576.jpeg 768w, https:\/\/www.wactipsom.org\/wp-content\/uploads\/2020\/09\/Noticia-2_-1024x768-1-624x468.jpeg 624w\" sizes=\"(max-width: 1024px) 100vw, 1024px\" \/><\/p>\n<p>A equipa A-TIPSOM participou activamente em diversos eventos organizados durante essa semana, entre os quais um jogo de futebol com o objectivo de sensibilizar a popula\u00e7\u00e3o jovem para os perigos do tr\u00e1fico de pessoas e as m\u00e1fias que se dedicam ao tr\u00e1fico e venda de pessoas.<\/p>\n<p>O evento contou com a participa\u00e7\u00e3o de uma grande representa\u00e7\u00e3o de membros da comunidade espanhola na Nig\u00e9ria, bem como membros de outras embaixadas, acompanhados pelo Sr. Gonzalo Sanz, deputado da embaixada espanhola na Nig\u00e9ria, entre outros.<\/p>","protected":false},"excerpt":{"rendered":"<p>A equipe A-TIPSOM, A\u00e7\u00e3o contra o tr\u00e1fico de pessoas e contrabando de migrantes na Nig\u00e9ria, participou em 30 de julho de uma confer\u00eancia realizada em Abuja devido a ...<\/p>","protected":false},"author":1,"featured_media":1112,"comment_status":"open","ping_status":"open","sticky":false,"template":"","format":"standard","meta":{"footnotes":""},"categories":[43],"tags":[],"_links":{"self":[{"href":"https:\/\/www.wactipsom.org\/pt\/wp-json\/wp\/v2\/posts\/1111"}],"collection":[{"href":"https:\/\/www.wactipsom.org\/pt\/wp-json\/wp\/v2\/posts"}],"about":[{"href":"https:\/\/www.wactipsom.org\/pt\/wp-json\/wp\/v2\/types\/post"}],"author":[{"embeddable":true,"href":"https:\/\/www.wactipsom.org\/pt\/wp-json\/wp\/v2\/users\/1"}],"replies":[{"embeddable":true,"href":"https:\/\/www.wactipsom.org\/pt\/wp-json\/wp\/v2\/comments?post=1111"}],"version-history":[{"count":4,"href":"https:\/\/www.wactipsom.org\/pt\/wp-json\/wp\/v2\/posts\/1111\/revisions"}],"predecessor-version":[{"id":1117,"href":"https:\/\/www.wactipsom.org\/pt\/wp-json\/wp\/v2\/posts\/1111\/revisions\/1117"}],"wp:featuredmedia":[{"embeddable":true,"href":"https:\/\/www.wactipsom.org\/pt\/wp-json\/wp\/v2\/media\/1112"}],"wp:attachment":[{"href":"https:\/\/www.wactipsom.org\/pt\/wp-json\/wp\/v2\/media?parent=1111"}],"wp:term":[{"taxonomy":"category","embeddable":true,"href":"https:\/\/www.wactipsom.org\/pt\/wp-json\/wp\/v2\/categories?post=1111"},{"taxonomy":"post_tag","embeddable":true,"href":"https:\/\/www.wactipsom.org\/pt\/wp-json\/wp\/v2\/tags?post=1111"}],"curies":[{"name":"wp","href":"https:\/\/api.w.org\/{rel}","templated":true}]}}