{"id":2048,"date":"2020-10-14T12:14:17","date_gmt":"2020-10-14T12:14:17","guid":{"rendered":"https:\/\/www.wactipsom.org\/?p=2048"},"modified":"2020-10-14T12:14:17","modified_gmt":"2020-10-14T12:14:17","slug":"statement-by-national-president-nactal-on-the-world-day-against-trafficking-in-persons-2020","status":"publish","type":"post","link":"https:\/\/www.wactipsom.org\/pt\/statement-by-national-president-nactal-on-the-world-day-against-trafficking-in-persons-2020\/","title":{"rendered":"Declara\u00e7\u00e3o do Presidente Nacional NACTAL, no Dia Mundial contra o Tr\u00e1fico de Pessoas, 2020"},"content":{"rendered":"<p>Hoje \u00e9 30 de julho de 2020 e as Na\u00e7\u00f5es Unidas reservaram 30 de julho de cada ano como o Dia Internacional contra o Tr\u00e1fico de Pessoas. Isso \u00e9 feito para aumentar a conscientiza\u00e7\u00e3o sobre a situa\u00e7\u00e3o das v\u00edtimas de tr\u00e1fico humano e promover e proteger seus direitos.<\/p>\n<p>O tr\u00e1fico de seres humanos \u00e9 qualquer com\u00e9rcio il\u00edcito de seres humanos com a finalidade de obter lucro para os traficantes. Os exemplos incluem trabalho for\u00e7ado, escravid\u00e3o sexual, explora\u00e7\u00e3o sexual comercial, casamentos for\u00e7ados, soldas infantis, colheita de tecidos ou \u00f3rg\u00e3os, etc.<\/p>\n<p><iframe loading=\"lazy\" title=\"Mensagem da NACTAL no Dia Mundial contra o Tr\u00e1fico de Pessoas de 2020\" width=\"640\" height=\"480\" src=\"https:\/\/www.youtube.com\/embed\/EUr44YB07ks?feature=oembed\" frameborder=\"0\" allow=\"accelerometer; autoplay; clipboard-write; encrypted-media; gyroscope; picture-in-picture\" allowfullscreen><\/iframe><\/p>\n<p>&nbsp;<\/p>\n<p>Durante a era do com\u00e9rcio de escravos transatl\u00e2ntico, entre 1776 e 1865, cerca de 15 e 20 milh\u00f5es de escravos foram transportados da \u00c1frica pelo Oceano Atl\u00e2ntico e comprados de comerciantes de escravos em toda a Europa, col\u00f4nias europeias e algumas outras partes do mundo.<\/p>\n<p>\u00c9 lament\u00e1vel que a hist\u00f3ria esteja se repetindo, pois hoje os cidad\u00e3os, especialmente mulheres, crian\u00e7as e pessoas com defici\u00eancia, est\u00e3o sendo traficados tanto internamente dentro de nossas fronteiras como externamente em todo o mundo. Os traficantes de seres humanos adotam v\u00e1rias estrat\u00e9gias para obter suas v\u00edtimas. Essas estrat\u00e9gias incluem fingimento, postagens em m\u00eddias sociais, an\u00fancios de emprego, amea\u00e7as ou sequestro.<\/p>\n<p>O Covid-19 acrescentou outra dimens\u00e3o ao desafio do tr\u00e1fico humano n\u00e3o apenas na Nig\u00e9ria, mas em todo o mundo. Recentemente, o caso de uma senhora nigeriana que estava sendo anunciada por seu \u201cdono\u201d no distante L\u00edbano foi inundado por toda a m\u00eddia. Em alguns casos, as pessoas est\u00e3o sendo vendidas por apenas NGN 20.000 Naira.<\/p>\n<p>Agora \u00e9 imperativo que neste ano de 2020 e com o tema de cuidar dos trabalhadores da linha de frente contra o tr\u00e1fico de pessoas, os nigerianos precisem se levantar e tomar uma decis\u00e3o coletiva para parar a amea\u00e7a do tr\u00e1fico de pessoas em nosso pa\u00eds.<br \/>\nDevemos tamb\u00e9m ponderar e avaliar a n\u00f3s mesmos sobre o qu\u00e3o longe estamos travando a guerra contra a escravid\u00e3o moderna e considerar os esfor\u00e7os e ponderar sobre a seguran\u00e7a dos oficiais da linha de frente em face da Covid-19.<\/p>\n<p>Os oficiais da linha de frente incluem os agentes da lei, como NAPTIP, NIS, NSCDC, pol\u00edcia da Nig\u00e9ria, etc. Tamb\u00e9m os atores da sociedade civil, assistentes sociais em que os membros do NACTAL s\u00e3o proeminentes na comunidade onde as v\u00edtimas s\u00e3o encaminhadas para os pontos de tr\u00e2nsito, como as fronteiras , no destino em outros estados ou pa\u00edses e at\u00e9 mesmo no ponto de repatria\u00e7\u00e3o e reintegra\u00e7\u00e3o.<br \/>\nEste ano, a linguagem agora \u00e9 \u201cfique seguro\u201d, portanto, precisamos garantir que protegeremos as pessoas que trabalham na linha de frente, salvando e reabilitando as v\u00edtimas do tr\u00e1fico humano.<\/p>\n<p>Portanto, pedimos aos atores estatais e n\u00e3o estatais que aumentem seus esfor\u00e7os na batalha.<\/p>\n<p>Que o Governo Federal coloque mais vontade pol\u00edtica e financiamento nessa luta e n\u00e3o dependa do apoio estrangeiro na maioria das vezes.<\/p>\n<p>Que os governos estaduais da Nig\u00e9ria tamb\u00e9m apoiem esta guerra em seus respectivos estados, fornecendo a vontade pol\u00edtica e os recursos necess\u00e1rios.<\/p>\n<p>Deixe que os estados examinem a implementa\u00e7\u00e3o total das leis dos direitos da crian\u00e7a, CEDAW, VAP e outros documentos de pol\u00edtica, ao mesmo tempo que estabelece e financia as for\u00e7as-tarefa do TIP.<\/p>\n<p>Deixe aqueles que promovem empregos ilegais e falsos fora do pa\u00eds serem examinados e verificados. Esta \u00e9 a \u00faltima tend\u00eancia para escravizar nosso povo.<\/p>\n<p>Deixe que as institui\u00e7\u00f5es de m\u00eddia parem de receber an\u00fancios de todas as empresas de coloca\u00e7\u00e3o de empregos, sem conduzir investiga\u00e7\u00f5es detalhadas.<\/p>\n<p>Que os l\u00edderes comunit\u00e1rios acompanhem a a\u00e7\u00e3o de Oba do Benin invocando os deuses contra os traficantes.<\/p>\n<p>Deixe as ag\u00eancias de aplica\u00e7\u00e3o da lei treinarem e reterem o pessoal nas batidas do tr\u00e1fico humano, em vez de destac\u00e1-lo para outras fun\u00e7\u00f5es brevemente ap\u00f3s o treinamento.<\/p>\n<p>Deixe que as institui\u00e7\u00f5es religiosas cuidem dos rebanhos com prioridade, fornecendo informa\u00e7\u00f5es corretas e apoiando a cria\u00e7\u00e3o de empregos para jovens adultos.<\/p>\n<p>Deixe os parceiros internacionais, como ag\u00eancias da ONU, governos de outras na\u00e7\u00f5es, embaixadas, ONGIs e outros trabalharem mais para reduzir a demanda por escravos sexuais e de trabalho em seus pa\u00edses. Vamos conceder aos migrantes do mundo em desenvolvimento os mesmos direitos e respeito aos migrantes das na\u00e7\u00f5es desenvolvidas.<\/p>\n<p>Quando fizermos isso, protegeremos as v\u00edtimas do tr\u00e1fico de pessoas e elas ter\u00e3o confian\u00e7a para nomear e envergonhar seus traficantes, manteremos a linha de frente mais segura e venceremos a guerra contra os traficantes.<\/p>\n<p>Ao comemorar este ano o Dia Internacional contra o Tr\u00e1fico de Pessoas, a NACTAL com mais de 150 organiza\u00e7\u00f5es registradas est\u00e1 preparada para continuar trabalhando tanto na comunidade, como em n\u00edvel nacional e internacional. Continuaremos a trabalhar com outros parceiros para garantir que a batalha seja ganha e vidas seguras.<br \/>\nobrigado<\/p>","protected":false},"excerpt":{"rendered":"<p>Hoje \u00e9 30 de julho de 2020 e as Na\u00e7\u00f5es Unidas reservaram 30 de julho de cada ano como o Dia Internacional contra o Tr\u00e1fico de Pessoas. Isto \u00e9\u2026<\/p>","protected":false},"author":1,"featured_media":2049,"comment_status":"open","ping_status":"open","sticky":false,"template":"","format":"standard","meta":{"footnotes":""},"categories":[59],"tags":[],"_links":{"self":[{"href":"https:\/\/www.wactipsom.org\/pt\/wp-json\/wp\/v2\/posts\/2048"}],"collection":[{"href":"https:\/\/www.wactipsom.org\/pt\/wp-json\/wp\/v2\/posts"}],"about":[{"href":"https:\/\/www.wactipsom.org\/pt\/wp-json\/wp\/v2\/types\/post"}],"author":[{"embeddable":true,"href":"https:\/\/www.wactipsom.org\/pt\/wp-json\/wp\/v2\/users\/1"}],"replies":[{"embeddable":true,"href":"https:\/\/www.wactipsom.org\/pt\/wp-json\/wp\/v2\/comments?post=2048"}],"version-history":[{"count":1,"href":"https:\/\/www.wactipsom.org\/pt\/wp-json\/wp\/v2\/posts\/2048\/revisions"}],"predecessor-version":[{"id":2050,"href":"https:\/\/www.wactipsom.org\/pt\/wp-json\/wp\/v2\/posts\/2048\/revisions\/2050"}],"wp:featuredmedia":[{"embeddable":true,"href":"https:\/\/www.wactipsom.org\/pt\/wp-json\/wp\/v2\/media\/2049"}],"wp:attachment":[{"href":"https:\/\/www.wactipsom.org\/pt\/wp-json\/wp\/v2\/media?parent=2048"}],"wp:term":[{"taxonomy":"category","embeddable":true,"href":"https:\/\/www.wactipsom.org\/pt\/wp-json\/wp\/v2\/categories?post=2048"},{"taxonomy":"post_tag","embeddable":true,"href":"https:\/\/www.wactipsom.org\/pt\/wp-json\/wp\/v2\/tags?post=2048"}],"curies":[{"name":"wp","href":"https:\/\/api.w.org\/{rel}","templated":true}]}}