{"id":2068,"date":"2020-10-14T13:01:31","date_gmt":"2020-10-14T13:01:31","guid":{"rendered":"https:\/\/www.wactipsom.org\/?p=2068"},"modified":"2020-10-14T13:01:31","modified_gmt":"2020-10-14T13:01:31","slug":"day-of-the-african-child-2020-a-time-to-gaze-into-the-future","status":"publish","type":"post","link":"https:\/\/www.wactipsom.org\/pt\/day-of-the-african-child-2020-a-time-to-gaze-into-the-future\/","title":{"rendered":"Dia da Crian\u00e7a Africana 2020, um momento de olhar para o futuro"},"content":{"rendered":"<p>Reunimo-nos debaixo da \u00e1rvore, ouvindo sem medo as hist\u00f3rias ou palavras de sabedoria dos mais velhos; corr\u00edamos para riachos ou visit\u00e1vamos amigos livremente; desempenhamos pap\u00e9is de detetives, pap\u00e9is familiares e nos atribu\u00edmos t\u00edtulos quando est\u00e1vamos crescendo. Como crian\u00e7as, cuidamos uns dos outros e amamos nossas comunidades. Ao relembrar isso, percebi que crescer naquela \u00e9poca foi realmente uma grande experi\u00eancia em compara\u00e7\u00e3o com os tempos de deteriora\u00e7\u00e3o.<\/p>\n<p>O Dia Internacional da Crian\u00e7a Africana \u00e9 uma homenagem \u00e0queles que foram mortos ou participaram da Revolta de Soweto de 1976 e aqueles que tiveram a coragem de marchar por seu direito \u00e0 educa\u00e7\u00e3o. Sem d\u00favida, a educa\u00e7\u00e3o \u00e9 o alicerce seguro e o alicerce do desenvolvimento de qualquer na\u00e7\u00e3o. Hoje, ao comemorarmos o dia 2020 da Crian\u00e7a Africana em meio ao COVID 19, lembramos que pelo menos 90% dos alunos, a maioria crian\u00e7as e jovens em todo o mundo, ficaram fora da escola por mais de 8 semanas. O flagelo global deu origem ao trabalho infantil, \u00e0 explora\u00e7\u00e3o sexual e, \u00e0 medida que aumenta o n\u00famero de mortes, mais crian\u00e7as ficar\u00e3o \u00f3rf\u00e3s e vulner\u00e1veis.<\/p>\n<p><img decoding=\"async\" loading=\"lazy\" class=\"alignnone size-full wp-image-2069\" src=\"https:\/\/www.wactipsom.org\/wp-content\/uploads\/2020\/10\/Do2-1.jpg\" alt=\"\" width=\"600\" height=\"400\" srcset=\"https:\/\/www.wactipsom.org\/wp-content\/uploads\/2020\/10\/Do2-1.jpg 600w, https:\/\/www.wactipsom.org\/wp-content\/uploads\/2020\/10\/Do2-1-300x200.jpg 300w\" sizes=\"(max-width: 600px) 100vw, 600px\" \/><\/p>\n<p>\u00c9 desanimador que, em meio a essas incertezas, o governo da Nig\u00e9ria reduziu o or\u00e7amento para educa\u00e7\u00e3o e sa\u00fade b\u00e1sica em favor da reforma do pr\u00e9dio do senado. Apesar de ter mais de 10 milh\u00f5es de crian\u00e7as fora da escola antes da pandemia. Vimos a promo\u00e7\u00e3o do tribalismo, do fanatismo religioso e da divis\u00e3o por alguns pol\u00edticos, o que semeia sementes negativas em nossa pr\u00f3xima gera\u00e7\u00e3o.<br \/>\nOs membros da NACTAL em trinta e seis estados da Nig\u00e9ria, por ocasi\u00e3o da comemora\u00e7\u00e3o deste ano com o tema &#39;Acesso a um Sistema de Justi\u00e7a Amigo da Crian\u00e7a na \u00c1frica&#39; franzem a testa para esta posi\u00e7\u00e3o de desprezo do nosso governo em rela\u00e7\u00e3o \u00e0 nossa educa\u00e7\u00e3o, sa\u00fade b\u00e1sica, especialmente em rela\u00e7\u00e3o a sa\u00fade das crian\u00e7as, atrasar a justi\u00e7a e sistemas amigos da crian\u00e7a inadequados.<\/p>\n<p>Portanto, conclama o governo a repensar rapidamente e dobrar seus esfor\u00e7os na educa\u00e7\u00e3o de nossa pr\u00f3xima gera\u00e7\u00e3o. Equipar nossos filhos para serem empreendedores que possam competir no espa\u00e7o internacional e ser relevantes para atender aos anseios de amanh\u00e3 no lugar das comemora\u00e7\u00f5es em torno de certificados e empregos de colarinho branco.<\/p>\n<p>Recomendamos ao governo que reconsidere suas prioridades e preste aten\u00e7\u00e3o \u00e0s quest\u00f5es de justi\u00e7a para crian\u00e7as que foram molestadas ou estupradas e que enfrentam situa\u00e7\u00f5es depreciativas. Pode criar um espa\u00e7o adequado para crian\u00e7as para atender crian\u00e7as \u00f3rf\u00e3s e vulner\u00e1veis durante e ap\u00f3s esta pandemia.<\/p>\n<p>Apelamos a todos, independentemente do status, afilia\u00e7\u00e3o religiosa ou pol\u00edtica para apoiar nossos filhos e construir a pr\u00f3xima gera\u00e7\u00e3o de patriotas que acreditar\u00e3o na uni\u00e3o nacional, n\u00e3o no roubo de nossa riqueza comum para benef\u00edcio ego\u00edsta. A pr\u00f3xima gera\u00e7\u00e3o que se levantar\u00e1 contra a injusti\u00e7a, a corrup\u00e7\u00e3o e a opress\u00e3o, n\u00e3o cobrindo estupradores, sequestradores e terroristas. Vamos promover os valores, normas e tradi\u00e7\u00f5es de \u00c1frica que encorajam a integridade, o trabalho \u00e1rduo, o patriotismo e o compromisso uns com os outros e com a nossa na\u00e7\u00e3o, n\u00e3o escravizando algumas crian\u00e7as porque s\u00e3o menos privilegiadas atrav\u00e9s do tr\u00e1fico de crian\u00e7as, abuso infantil, entre outros males.<br \/>\nVamos todos ensinar nossos filhos do sexo masculino a usar sua for\u00e7a para proteger as meninas e n\u00e3o atac\u00e1-las ou oprimi-las em nome de estupro, abuso sexual, intimida\u00e7\u00e3o e viol\u00eancia dom\u00e9stica.<\/p>\n<p>Vamos dar \u00e0 menina o espa\u00e7o certo para exibir e cumprir seu potencial dado por Deus e n\u00e3o deix\u00e1-los como objetos a serem trabalhados.<br \/>\nQue possamos aproveitar a oportunidade da comemora\u00e7\u00e3o deste ano do Dia da Crian\u00e7a de \u00c1frica para olhar para o futuro e considerar op\u00e7\u00f5es para um futuro maior atrav\u00e9s de nossos filhos.<\/p>\n<p>Feliz comemora\u00e7\u00e3o a todas as crian\u00e7as negras, lindas e inteligentes da \u00c1frica.<\/p>\n<p>Assinado:<br \/>\n<strong>Sr. Emmanuel Adaramola<\/strong>,<br \/>\nPresidente Nacional da NACTAL<\/p>","protected":false},"excerpt":{"rendered":"<p>Reunimo-nos debaixo da \u00e1rvore, ouvindo sem medo as hist\u00f3rias ou palavras de sabedoria dos mais velhos; corremos para riachos ou ...<\/p>","protected":false},"author":1,"featured_media":2070,"comment_status":"open","ping_status":"open","sticky":false,"template":"","format":"standard","meta":{"footnotes":""},"categories":[59],"tags":[],"_links":{"self":[{"href":"https:\/\/www.wactipsom.org\/pt\/wp-json\/wp\/v2\/posts\/2068"}],"collection":[{"href":"https:\/\/www.wactipsom.org\/pt\/wp-json\/wp\/v2\/posts"}],"about":[{"href":"https:\/\/www.wactipsom.org\/pt\/wp-json\/wp\/v2\/types\/post"}],"author":[{"embeddable":true,"href":"https:\/\/www.wactipsom.org\/pt\/wp-json\/wp\/v2\/users\/1"}],"replies":[{"embeddable":true,"href":"https:\/\/www.wactipsom.org\/pt\/wp-json\/wp\/v2\/comments?post=2068"}],"version-history":[{"count":1,"href":"https:\/\/www.wactipsom.org\/pt\/wp-json\/wp\/v2\/posts\/2068\/revisions"}],"predecessor-version":[{"id":2073,"href":"https:\/\/www.wactipsom.org\/pt\/wp-json\/wp\/v2\/posts\/2068\/revisions\/2073"}],"wp:featuredmedia":[{"embeddable":true,"href":"https:\/\/www.wactipsom.org\/pt\/wp-json\/wp\/v2\/media\/2070"}],"wp:attachment":[{"href":"https:\/\/www.wactipsom.org\/pt\/wp-json\/wp\/v2\/media?parent=2068"}],"wp:term":[{"taxonomy":"category","embeddable":true,"href":"https:\/\/www.wactipsom.org\/pt\/wp-json\/wp\/v2\/categories?post=2068"},{"taxonomy":"post_tag","embeddable":true,"href":"https:\/\/www.wactipsom.org\/pt\/wp-json\/wp\/v2\/tags?post=2068"}],"curies":[{"name":"wp","href":"https:\/\/api.w.org\/{rel}","templated":true}]}}